{"id":19830,"date":"2024-10-16T16:15:46","date_gmt":"2024-10-16T08:15:46","guid":{"rendered":"https:\/\/www.gewurooftentrailer.com\/?p=19830"},"modified":"2026-03-25T16:49:24","modified_gmt":"2026-03-25T08:49:24","slug":"essen-motor-show-2025-rooftent-exhibition","status":"publish","type":"post","link":"https:\/\/www.gewurooftentrailer.com\/fr\/nous-serons-presents-au-salon-sema-2024-et-serons-heureux-de-vous-rencontrer\/","title":{"rendered":"We will be attending the Essen Motor Show 2025 and look forward to seeing you at Hall Galeria GA-30.2-A!"},"content":{"rendered":"<div><img loading=\"lazy\" decoding=\"async\" class=\"alignnone size-full wp-image-40460\" src=\"https:\/\/www.gewurooftentrailer.com\/wp-content\/uploads\/2024\/10\/\u5fb7\u56fd\u827e\u68ee\u5c55\u4f1a.jpg\" alt=\"\" width=\"1280\" height=\"1658\" srcset=\"https:\/\/www.gewurooftentrailer.com\/wp-content\/uploads\/2024\/10\/\u5fb7\u56fd\u827e\u68ee\u5c55\u4f1a.jpg 1280w, https:\/\/www.gewurooftentrailer.com\/wp-content\/uploads\/2024\/10\/\u5fb7\u56fd\u827e\u68ee\u5c55\u4f1a-116x150.jpg 116w, https:\/\/www.gewurooftentrailer.com\/wp-content\/uploads\/2024\/10\/\u5fb7\u56fd\u827e\u68ee\u5c55\u4f1a-9x12.jpg 9w, https:\/\/www.gewurooftentrailer.com\/wp-content\/uploads\/2024\/10\/\u5fb7\u56fd\u827e\u68ee\u5c55\u4f1a-1186x1536.jpg 1186w\" sizes=\"auto, (max-width: 1280px) 100vw, 1280px\" \/><\/div>\n<div>Nous avons le plaisir d'annoncer que nous participerons \u00e0 la prochaine conf\u00e9rence de l'Union europ\u00e9enne. <strong>Essen Motor Show 2025<\/strong> in Essen, Germany!<\/div>\n<div><\/div>\n<div><strong>D\u00e9tails de l'\u00e9v\u00e9nement :<\/strong><\/div>\n<div><\/div>\n<ul>\n<li><strong>Num\u00e9ro de stand :<\/strong> Hall Galeria GA-30.2-A<\/li>\n<li><strong>Date :<\/strong> November 28 \u2013 December 07, 2025<\/li>\n<li><strong>Localisation :<\/strong> Essen Exhibition Centre, Messepl. 1, 45131 Essen, Germany<\/li>\n<\/ul>\n<div><\/div>\n<div>The Essen Motor Show is one of the most important events in the European automotive and tuning industry, bringing together numerous industry leaders, innovators, and automotive enthusiasts from around the world. We sincerely invite you to visit our booth to learn about our latest products, technologies, and solutions aimed at driving industry development and innovation, especially in the field of overlanding and roof tents.<\/div>\n<div><\/div>\n<div>Sur notre stand, vous aurez l'occasion de.. :<\/div>\n<div><\/div>\n<ul>\n<li>Discover our new roof tent products and technological innovations.<\/li>\n<li>Engagez des discussions approfondies avec notre \u00e9quipe de professionnels.<\/li>\n<li>Explore how we can provide the best overlanding solutions for your business.<\/li>\n<\/ul>\n<div><\/div>\n<div>Nous sommes impatients de partager notre passion et nos innovations avec vous, et nous esp\u00e9rons recevoir vos commentaires et suggestions. Inscrivez cette date \u00e0 votre agenda et venez nous rendre visite !<\/div>\n<div><\/div>\n<div>Pour plus d'informations ou pour organiser une r\u00e9union, veuillez consulter notre site web officiel ou contacter notre \u00e9quipe de service \u00e0 la client\u00e8le.<\/div>\n<div><\/div>\n<div>Nous vous remercions de votre soutien et de votre confiance, et nous nous r\u00e9jouissons de vous retrouver \u00e0 l'occasion du <strong>Essen Motor Show 2025<\/strong>!<\/div>\n<div><\/div>\n<div><strong>Informations de contact :<\/strong><\/div>\n<div><\/div>\n<ul>\n<li><strong>Web :<\/strong> <a href=\"https:\/\/www.gewurooftentrailer.com\/fr\/\" target=\"_blank\" rel=\"noopener\">www.gewurooftentrailer.com<\/a><\/li>\n<\/ul>","protected":false},"excerpt":{"rendered":"<p>We are excited to announce that we will be participating in the upcoming Essen Motor Show 2025 in Essen, Germany! Details of the event: Booth Number: Hall Galeria GA-30.2-A Date: November 28 \u2013 December 07, 2025 Location: Essen Exhibition Centre, Messepl. 1, 45131 Essen, Germany The Essen Motor Show is one of the most important&#8230;<\/p>","protected":false},"author":15,"featured_media":40460,"comment_status":"closed","ping_status":"open","sticky":false,"template":"","format":"standard","meta":{"footnotes":""},"categories":[1],"tags":[],"class_list":["post-19830","post","type-post","status-publish","format-standard","has-post-thumbnail","hentry","category-news"],"acf":[],"yoast_head":"<!-- This site is optimized with the Yoast SEO plugin v27.2 - https:\/\/yoast.com\/product\/yoast-seo-wordpress\/ -->\n<title>We will be attending the Essen Motor Show 2025 and look forward to seeing you at Hall Galeria GA-30.2-A! - Roof top tent manufacturers | Gewu<\/title>\n<meta name=\"description\" content=\"Visit Gewuro at Essen Motor Show 2025 (Germany, Nov 28\u2013Dec 7). Explore advanced rooftop tent technologies and industry solutions at our booth Hall Galeria GA-30.2-A.\" \/>\n<meta name=\"robots\" content=\"index, follow, max-snippet:-1, max-image-preview:large, max-video-preview:-1\" \/>\n<link rel=\"canonical\" href=\"https:\/\/www.gewurooftentrailer.com\/fr\/nous-serons-presents-au-salon-sema-2024-et-serons-heureux-de-vous-rencontrer\/\" \/>\n<meta property=\"og:locale\" content=\"fr_FR\" \/>\n<meta property=\"og:type\" content=\"article\" \/>\n<meta property=\"og:title\" content=\"We will be attending the Essen Motor Show 2025 and look forward to seeing you at Hall Galeria GA-30.2-A! - Roof top tent manufacturers | Gewu\" \/>\n<meta property=\"og:description\" content=\"Visit Gewuro at Essen Motor Show 2025 (Germany, Nov 28\u2013Dec 7). Explore advanced rooftop tent technologies and industry solutions at our booth Hall Galeria GA-30.2-A.\" \/>\n<meta property=\"og:url\" content=\"https:\/\/www.gewurooftentrailer.com\/fr\/nous-serons-presents-au-salon-sema-2024-et-serons-heureux-de-vous-rencontrer\/\" \/>\n<meta property=\"og:site_name\" content=\"Roof top tent manufacturers | Gewu\" \/>\n<meta property=\"article:published_time\" content=\"2024-10-16T08:15:46+00:00\" \/>\n<meta property=\"article:modified_time\" content=\"2026-03-25T08:49:24+00:00\" \/>\n<meta property=\"og:image\" content=\"https:\/\/www.gewurooftentrailer.com\/wp-content\/uploads\/2024\/10\/\u5fb7\u56fd\u827e\u68ee\u5c55\u4f1a.jpg\" \/>\n\t<meta property=\"og:image:width\" content=\"1280\" \/>\n\t<meta property=\"og:image:height\" content=\"1658\" \/>\n\t<meta property=\"og:image:type\" content=\"image\/jpeg\" \/>\n<meta name=\"author\" content=\"Gewu Outdoor\" \/>\n<meta name=\"twitter:card\" content=\"summary_large_image\" \/>\n<meta name=\"twitter:label1\" content=\"\u00c9crit par\" \/>\n\t<meta name=\"twitter:data1\" content=\"Gewu Outdoor\" \/>\n\t<meta name=\"twitter:label2\" content=\"Dur\u00e9e de lecture estim\u00e9e\" \/>\n\t<meta name=\"twitter:data2\" content=\"2 minutes\" \/>\n<script type=\"application\/ld+json\" class=\"yoast-schema-graph\">{\"@context\":\"https:\/\/schema.org\",\"@graph\":[{\"@type\":\"Article\",\"@id\":\"https:\/\/www.gewurooftentrailer.com\/essen-motor-show-2025-rooftent-exhibition\/#article\",\"isPartOf\":{\"@id\":\"https:\/\/www.gewurooftentrailer.com\/essen-motor-show-2025-rooftent-exhibition\/\"},\"author\":{\"name\":\"Gewu Outdoor\",\"@id\":\"https:\/\/www.gewurooftentrailer.com\/#\/schema\/person\/502646080c16d33d6ecf6b466f005f08\"},\"headline\":\"We will be attending the Essen Motor Show 2025 and look forward to seeing you at Hall Galeria GA-30.2-A!\",\"datePublished\":\"2024-10-16T08:15:46+00:00\",\"dateModified\":\"2026-03-25T08:49:24+00:00\",\"mainEntityOfPage\":{\"@id\":\"https:\/\/www.gewurooftentrailer.com\/essen-motor-show-2025-rooftent-exhibition\/\"},\"wordCount\":233,\"image\":{\"@id\":\"https:\/\/www.gewurooftentrailer.com\/essen-motor-show-2025-rooftent-exhibition\/#primaryimage\"},\"thumbnailUrl\":\"https:\/\/www.gewurooftentrailer.com\/wp-content\/uploads\/2024\/10\/\u5fb7\u56fd\u827e\u68ee\u5c55\u4f1a.jpg\",\"articleSection\":[\"News\"],\"inLanguage\":\"fr-FR\"},{\"@type\":\"WebPage\",\"@id\":\"https:\/\/www.gewurooftentrailer.com\/essen-motor-show-2025-rooftent-exhibition\/\",\"url\":\"https:\/\/www.gewurooftentrailer.com\/essen-motor-show-2025-rooftent-exhibition\/\",\"name\":\"We will be attending the Essen Motor Show 2025 and look forward to seeing you at Hall Galeria GA-30.2-A! - Roof top tent manufacturers | Gewu\",\"isPartOf\":{\"@id\":\"https:\/\/www.gewurooftentrailer.com\/#website\"},\"primaryImageOfPage\":{\"@id\":\"https:\/\/www.gewurooftentrailer.com\/essen-motor-show-2025-rooftent-exhibition\/#primaryimage\"},\"image\":{\"@id\":\"https:\/\/www.gewurooftentrailer.com\/essen-motor-show-2025-rooftent-exhibition\/#primaryimage\"},\"thumbnailUrl\":\"https:\/\/www.gewurooftentrailer.com\/wp-content\/uploads\/2024\/10\/\u5fb7\u56fd\u827e\u68ee\u5c55\u4f1a.jpg\",\"datePublished\":\"2024-10-16T08:15:46+00:00\",\"dateModified\":\"2026-03-25T08:49:24+00:00\",\"author\":{\"@id\":\"https:\/\/www.gewurooftentrailer.com\/#\/schema\/person\/502646080c16d33d6ecf6b466f005f08\"},\"description\":\"Visit Gewuro at Essen Motor Show 2025 (Germany, Nov 28\u2013Dec 7). Explore advanced rooftop tent technologies and industry solutions at our booth Hall Galeria GA-30.2-A.\",\"breadcrumb\":{\"@id\":\"https:\/\/www.gewurooftentrailer.com\/essen-motor-show-2025-rooftent-exhibition\/#breadcrumb\"},\"inLanguage\":\"fr-FR\",\"potentialAction\":[{\"@type\":\"ReadAction\",\"target\":[\"https:\/\/www.gewurooftentrailer.com\/essen-motor-show-2025-rooftent-exhibition\/\"]}]},{\"@type\":\"ImageObject\",\"inLanguage\":\"fr-FR\",\"@id\":\"https:\/\/www.gewurooftentrailer.com\/essen-motor-show-2025-rooftent-exhibition\/#primaryimage\",\"url\":\"https:\/\/www.gewurooftentrailer.com\/wp-content\/uploads\/2024\/10\/\u5fb7\u56fd\u827e\u68ee\u5c55\u4f1a.jpg\",\"contentUrl\":\"https:\/\/www.gewurooftentrailer.com\/wp-content\/uploads\/2024\/10\/\u5fb7\u56fd\u827e\u68ee\u5c55\u4f1a.jpg\",\"width\":1280,\"height\":1658},{\"@type\":\"BreadcrumbList\",\"@id\":\"https:\/\/www.gewurooftentrailer.com\/essen-motor-show-2025-rooftent-exhibition\/#breadcrumb\",\"itemListElement\":[{\"@type\":\"ListItem\",\"position\":1,\"name\":\"Home\",\"item\":\"https:\/\/www.gewurooftentrailer.com\/\"},{\"@type\":\"ListItem\",\"position\":2,\"name\":\"We will be attending the Essen Motor Show 2025 and look forward to seeing you at Hall Galeria GA-30.2-A!\"}]},{\"@type\":\"WebSite\",\"@id\":\"https:\/\/www.gewurooftentrailer.com\/#website\",\"url\":\"https:\/\/www.gewurooftentrailer.com\/\",\"name\":\"Gxinmarker | Gewu\",\"description\":\"Roof top tent manufacturers\",\"alternateName\":\"Roof top tent manufacturers | Gewu\",\"potentialAction\":[{\"@type\":\"SearchAction\",\"target\":{\"@type\":\"EntryPoint\",\"urlTemplate\":\"https:\/\/www.gewurooftentrailer.com\/?s={search_term_string}\"},\"query-input\":{\"@type\":\"PropertyValueSpecification\",\"valueRequired\":true,\"valueName\":\"search_term_string\"}}],\"inLanguage\":\"fr-FR\"},{\"@type\":\"Person\",\"@id\":\"https:\/\/www.gewurooftentrailer.com\/#\/schema\/person\/502646080c16d33d6ecf6b466f005f08\",\"name\":\"Gewu Outdoor\",\"sameAs\":[\"https:\/\/www.gewurooftentrailer.com\/\"],\"url\":\"https:\/\/www.gewurooftentrailer.com\/fr\/author\/gewu\/\"}]}<\/script>\n<!-- \/ Yoast SEO plugin. -->","yoast_head_json":{"title":"We will be attending the Essen Motor Show 2025 and look forward to seeing you at Hall Galeria GA-30.2-A! - Roof top tent manufacturers | Gewu","description":"Visit Gewuro at Essen Motor Show 2025 (Germany, Nov 28\u2013Dec 7). Explore advanced rooftop tent technologies and industry solutions at our booth Hall Galeria GA-30.2-A.","robots":{"index":"index","follow":"follow","max-snippet":"max-snippet:-1","max-image-preview":"max-image-preview:large","max-video-preview":"max-video-preview:-1"},"canonical":"https:\/\/www.gewurooftentrailer.com\/fr\/nous-serons-presents-au-salon-sema-2024-et-serons-heureux-de-vous-rencontrer\/","og_locale":"fr_FR","og_type":"article","og_title":"We will be attending the Essen Motor Show 2025 and look forward to seeing you at Hall Galeria GA-30.2-A! - Roof top tent manufacturers | Gewu","og_description":"Visit Gewuro at Essen Motor Show 2025 (Germany, Nov 28\u2013Dec 7). Explore advanced rooftop tent technologies and industry solutions at our booth Hall Galeria GA-30.2-A.","og_url":"https:\/\/www.gewurooftentrailer.com\/fr\/nous-serons-presents-au-salon-sema-2024-et-serons-heureux-de-vous-rencontrer\/","og_site_name":"Roof top tent manufacturers | Gewu","article_published_time":"2024-10-16T08:15:46+00:00","article_modified_time":"2026-03-25T08:49:24+00:00","og_image":[{"width":1280,"height":1658,"url":"https:\/\/www.gewurooftentrailer.com\/wp-content\/uploads\/2024\/10\/\u5fb7\u56fd\u827e\u68ee\u5c55\u4f1a.jpg","type":"image\/jpeg"}],"author":"Gewu Outdoor","twitter_card":"summary_large_image","twitter_misc":{"\u00c9crit par":"Gewu Outdoor","Dur\u00e9e de lecture estim\u00e9e":"2 minutes"},"schema":{"@context":"https:\/\/schema.org","@graph":[{"@type":"Article","@id":"https:\/\/www.gewurooftentrailer.com\/essen-motor-show-2025-rooftent-exhibition\/#article","isPartOf":{"@id":"https:\/\/www.gewurooftentrailer.com\/essen-motor-show-2025-rooftent-exhibition\/"},"author":{"name":"Gewu Outdoor","@id":"https:\/\/www.gewurooftentrailer.com\/#\/schema\/person\/502646080c16d33d6ecf6b466f005f08"},"headline":"We will be attending the Essen Motor Show 2025 and look forward to seeing you at Hall Galeria GA-30.2-A!","datePublished":"2024-10-16T08:15:46+00:00","dateModified":"2026-03-25T08:49:24+00:00","mainEntityOfPage":{"@id":"https:\/\/www.gewurooftentrailer.com\/essen-motor-show-2025-rooftent-exhibition\/"},"wordCount":233,"image":{"@id":"https:\/\/www.gewurooftentrailer.com\/essen-motor-show-2025-rooftent-exhibition\/#primaryimage"},"thumbnailUrl":"https:\/\/www.gewurooftentrailer.com\/wp-content\/uploads\/2024\/10\/\u5fb7\u56fd\u827e\u68ee\u5c55\u4f1a.jpg","articleSection":["News"],"inLanguage":"fr-FR"},{"@type":"WebPage","@id":"https:\/\/www.gewurooftentrailer.com\/essen-motor-show-2025-rooftent-exhibition\/","url":"https:\/\/www.gewurooftentrailer.com\/essen-motor-show-2025-rooftent-exhibition\/","name":"We will be attending the Essen Motor Show 2025 and look forward to seeing you at Hall Galeria GA-30.2-A! - Roof top tent manufacturers | Gewu","isPartOf":{"@id":"https:\/\/www.gewurooftentrailer.com\/#website"},"primaryImageOfPage":{"@id":"https:\/\/www.gewurooftentrailer.com\/essen-motor-show-2025-rooftent-exhibition\/#primaryimage"},"image":{"@id":"https:\/\/www.gewurooftentrailer.com\/essen-motor-show-2025-rooftent-exhibition\/#primaryimage"},"thumbnailUrl":"https:\/\/www.gewurooftentrailer.com\/wp-content\/uploads\/2024\/10\/\u5fb7\u56fd\u827e\u68ee\u5c55\u4f1a.jpg","datePublished":"2024-10-16T08:15:46+00:00","dateModified":"2026-03-25T08:49:24+00:00","author":{"@id":"https:\/\/www.gewurooftentrailer.com\/#\/schema\/person\/502646080c16d33d6ecf6b466f005f08"},"description":"Visit Gewuro at Essen Motor Show 2025 (Germany, Nov 28\u2013Dec 7). Explore advanced rooftop tent technologies and industry solutions at our booth Hall Galeria GA-30.2-A.","breadcrumb":{"@id":"https:\/\/www.gewurooftentrailer.com\/essen-motor-show-2025-rooftent-exhibition\/#breadcrumb"},"inLanguage":"fr-FR","potentialAction":[{"@type":"ReadAction","target":["https:\/\/www.gewurooftentrailer.com\/essen-motor-show-2025-rooftent-exhibition\/"]}]},{"@type":"ImageObject","inLanguage":"fr-FR","@id":"https:\/\/www.gewurooftentrailer.com\/essen-motor-show-2025-rooftent-exhibition\/#primaryimage","url":"https:\/\/www.gewurooftentrailer.com\/wp-content\/uploads\/2024\/10\/\u5fb7\u56fd\u827e\u68ee\u5c55\u4f1a.jpg","contentUrl":"https:\/\/www.gewurooftentrailer.com\/wp-content\/uploads\/2024\/10\/\u5fb7\u56fd\u827e\u68ee\u5c55\u4f1a.jpg","width":1280,"height":1658},{"@type":"BreadcrumbList","@id":"https:\/\/www.gewurooftentrailer.com\/essen-motor-show-2025-rooftent-exhibition\/#breadcrumb","itemListElement":[{"@type":"ListItem","position":1,"name":"Home","item":"https:\/\/www.gewurooftentrailer.com\/"},{"@type":"ListItem","position":2,"name":"We will be attending the Essen Motor Show 2025 and look forward to seeing you at Hall Galeria GA-30.2-A!"}]},{"@type":"WebSite","@id":"https:\/\/www.gewurooftentrailer.com\/#website","url":"https:\/\/www.gewurooftentrailer.com\/","name":"Gxinmarker | Gewu","description":"Roof top tent manufacturers","alternateName":"Roof top tent manufacturers | Gewu","potentialAction":[{"@type":"SearchAction","target":{"@type":"EntryPoint","urlTemplate":"https:\/\/www.gewurooftentrailer.com\/?s={search_term_string}"},"query-input":{"@type":"PropertyValueSpecification","valueRequired":true,"valueName":"search_term_string"}}],"inLanguage":"fr-FR"},{"@type":"Person","@id":"https:\/\/www.gewurooftentrailer.com\/#\/schema\/person\/502646080c16d33d6ecf6b466f005f08","name":"Gewu Outdoor","sameAs":["https:\/\/www.gewurooftentrailer.com\/"],"url":"https:\/\/www.gewurooftentrailer.com\/fr\/author\/gewu\/"}]}},"_links":{"self":[{"href":"https:\/\/www.gewurooftentrailer.com\/fr\/wp-json\/wp\/v2\/posts\/19830","targetHints":{"allow":["GET"]}}],"collection":[{"href":"https:\/\/www.gewurooftentrailer.com\/fr\/wp-json\/wp\/v2\/posts"}],"about":[{"href":"https:\/\/www.gewurooftentrailer.com\/fr\/wp-json\/wp\/v2\/types\/post"}],"author":[{"embeddable":true,"href":"https:\/\/www.gewurooftentrailer.com\/fr\/wp-json\/wp\/v2\/users\/15"}],"replies":[{"embeddable":true,"href":"https:\/\/www.gewurooftentrailer.com\/fr\/wp-json\/wp\/v2\/comments?post=19830"}],"version-history":[{"count":4,"href":"https:\/\/www.gewurooftentrailer.com\/fr\/wp-json\/wp\/v2\/posts\/19830\/revisions"}],"predecessor-version":[{"id":40461,"href":"https:\/\/www.gewurooftentrailer.com\/fr\/wp-json\/wp\/v2\/posts\/19830\/revisions\/40461"}],"wp:featuredmedia":[{"embeddable":true,"href":"https:\/\/www.gewurooftentrailer.com\/fr\/wp-json\/wp\/v2\/media\/40460"}],"wp:attachment":[{"href":"https:\/\/www.gewurooftentrailer.com\/fr\/wp-json\/wp\/v2\/media?parent=19830"}],"wp:term":[{"taxonomy":"category","embeddable":true,"href":"https:\/\/www.gewurooftentrailer.com\/fr\/wp-json\/wp\/v2\/categories?post=19830"},{"taxonomy":"post_tag","embeddable":true,"href":"https:\/\/www.gewurooftentrailer.com\/fr\/wp-json\/wp\/v2\/tags?post=19830"}],"curies":[{"name":"wp","href":"https:\/\/api.w.org\/{rel}","templated":true}]}}